{"@context":"https:\/\/schema.org\/","@type":"CollectionPage","@id":"https:\/\/www.napaz.cz\/business\/#CollectionPage","headline":"Business Category","description":"","url":"https:\/\/www.napaz.cz\/business\/","hasPart":[{"@type":"Article","@id":"https:\/\/www.napaz.cz\/seo-vcetne-ppc-reklamy-jako-pomocnik-pri-prodeji-nabytku-na-internetu\/","headline":"SEO v\u010detn\u011b PPC reklamy jako pomocn\u00edk p\u0159i prodeji n\u00e1bytku na internetu","url":"https:\/\/www.napaz.cz\/seo-vcetne-ppc-reklamy-jako-pomocnik-pri-prodeji-nabytku-na-internetu\/","datePublished":"2026-01-16","dateModified":"2026-01-16","mainEntityOfPage":"https:\/\/www.napaz.cz\/seo-vcetne-ppc-reklamy-jako-pomocnik-pri-prodeji-nabytku-na-internetu\/","author":{"@type":"Person","@id":"https:\/\/www.napaz.cz\/author\/devene\/#Person","name":"devene","url":"https:\/\/www.napaz.cz\/author\/devene\/","identifier":1,"image":{"@type":"ImageObject","@id":"https:\/\/secure.gravatar.com\/avatar\/ddbdb36321e5b7d4d861793930db080587341c870bd6ed87a3d36e707e2e9ae3?s=96&d=mm&r=g","url":"https:\/\/secure.gravatar.com\/avatar\/ddbdb36321e5b7d4d861793930db080587341c870bd6ed87a3d36e707e2e9ae3?s=96&d=mm&r=g","height":96,"width":96}},"publisher":{"@type":"Organization","name":"napaz.cz","logo":{"@type":"ImageObject","@id":"\/logo.png","url":"\/logo.png","width":600,"height":60}},"image":{"@type":"ImageObject","@id":"https:\/\/www.napaz.cz\/wp-content\/uploads\/ikea-4048225_640_2.jpg","url":"https:\/\/www.napaz.cz\/wp-content\/uploads\/ikea-4048225_640_2.jpg","height":0,"width":0},"keywords":null},{"@type":"Article","@id":"https:\/\/www.napaz.cz\/stehovani-v-zimnim-obdobi\/","headline":"St\u011bhov\u00e1n\u00ed v zimn\u00edm obdob\u00ed","url":"https:\/\/www.napaz.cz\/stehovani-v-zimnim-obdobi\/","datePublished":"2026-01-14","dateModified":"2026-01-14","mainEntityOfPage":"https:\/\/www.napaz.cz\/stehovani-v-zimnim-obdobi\/","author":{"@type":"Person","@id":"https:\/\/www.napaz.cz\/author\/devene\/#Person","name":"devene","url":"https:\/\/www.napaz.cz\/author\/devene\/","identifier":1,"image":{"@type":"ImageObject","@id":"https:\/\/secure.gravatar.com\/avatar\/ddbdb36321e5b7d4d861793930db080587341c870bd6ed87a3d36e707e2e9ae3?s=96&d=mm&r=g","url":"https:\/\/secure.gravatar.com\/avatar\/ddbdb36321e5b7d4d861793930db080587341c870bd6ed87a3d36e707e2e9ae3?s=96&d=mm&r=g","height":96,"width":96}},"publisher":{"@type":"Organization","name":"napaz.cz","logo":{"@type":"ImageObject","@id":"\/logo.png","url":"\/logo.png","width":600,"height":60}},"image":{"@type":"ImageObject","@id":"https:\/\/www.napaz.cz\/wp-content\/uploads\/cardboard-boxes-3110034_640_10_8.jpg","url":"https:\/\/www.napaz.cz\/wp-content\/uploads\/cardboard-boxes-3110034_640_10_8.jpg","height":0,"width":0},"keywords":null},{"@type":"Article","@id":"https:\/\/www.napaz.cz\/nalezy-pri-stehovani\/","headline":"N\u00e1lezy p\u0159i st\u011bhov\u00e1n\u00ed","url":"https:\/\/www.napaz.cz\/nalezy-pri-stehovani\/","datePublished":"2025-10-20","dateModified":"2025-10-20","mainEntityOfPage":"https:\/\/www.napaz.cz\/nalezy-pri-stehovani\/","author":{"@type":"Person","@id":"https:\/\/www.napaz.cz\/author\/devene\/#Person","name":"devene","url":"https:\/\/www.napaz.cz\/author\/devene\/","identifier":1,"image":{"@type":"ImageObject","@id":"https:\/\/secure.gravatar.com\/avatar\/ddbdb36321e5b7d4d861793930db080587341c870bd6ed87a3d36e707e2e9ae3?s=96&d=mm&r=g","url":"https:\/\/secure.gravatar.com\/avatar\/ddbdb36321e5b7d4d861793930db080587341c870bd6ed87a3d36e707e2e9ae3?s=96&d=mm&r=g","height":96,"width":96}},"publisher":{"@type":"Organization","name":"napaz.cz","logo":{"@type":"ImageObject","@id":"\/logo.png","url":"\/logo.png","width":600,"height":60}},"image":{"@type":"ImageObject","@id":"https:\/\/www.napaz.cz\/wp-content\/uploads\/hallway-2228277_640_6.jpg","url":"https:\/\/www.napaz.cz\/wp-content\/uploads\/hallway-2228277_640_6.jpg","height":0,"width":0},"keywords":null},{"@type":"Article","@id":"https:\/\/www.napaz.cz\/stehovani-klavirnich-kridel-s-profesionaly\/","headline":"St\u011bhov\u00e1n\u00ed klav\u00edrn\u00edch k\u0159\u00eddel s profesion\u00e1ly","url":"https:\/\/www.napaz.cz\/stehovani-klavirnich-kridel-s-profesionaly\/","datePublished":"2025-10-09","dateModified":"2025-10-09","mainEntityOfPage":"https:\/\/www.napaz.cz\/stehovani-klavirnich-kridel-s-profesionaly\/","author":{"@type":"Person","@id":"https:\/\/www.napaz.cz\/author\/devene\/#Person","name":"devene","url":"https:\/\/www.napaz.cz\/author\/devene\/","identifier":1,"image":{"@type":"ImageObject","@id":"https:\/\/secure.gravatar.com\/avatar\/ddbdb36321e5b7d4d861793930db080587341c870bd6ed87a3d36e707e2e9ae3?s=96&d=mm&r=g","url":"https:\/\/secure.gravatar.com\/avatar\/ddbdb36321e5b7d4d861793930db080587341c870bd6ed87a3d36e707e2e9ae3?s=96&d=mm&r=g","height":96,"width":96}},"publisher":{"@type":"Organization","name":"napaz.cz","logo":{"@type":"ImageObject","@id":"\/logo.png","url":"\/logo.png","width":600,"height":60}},"image":{"@type":"ImageObject","@id":"https:\/\/www.napaz.cz\/wp-content\/uploads\/piano-3000400_640.jpg","url":"https:\/\/www.napaz.cz\/wp-content\/uploads\/piano-3000400_640.jpg","height":0,"width":0},"keywords":null},{"@type":"Article","@id":"https:\/\/www.napaz.cz\/vic-nez-jen-solary-komunitni-energie-s-greencloud\/","headline":"V\u00edc ne\u017e jen sol\u00e1ry \u2013 komunitn\u00ed energie s GreenCloud","url":"https:\/\/www.napaz.cz\/vic-nez-jen-solary-komunitni-energie-s-greencloud\/","datePublished":"2025-08-24","dateModified":"2025-08-24","mainEntityOfPage":"https:\/\/www.napaz.cz\/vic-nez-jen-solary-komunitni-energie-s-greencloud\/","author":{"@type":"Person","@id":"https:\/\/www.napaz.cz\/author\/devene\/#Person","name":"devene","url":"https:\/\/www.napaz.cz\/author\/devene\/","identifier":1,"image":{"@type":"ImageObject","@id":"https:\/\/secure.gravatar.com\/avatar\/ddbdb36321e5b7d4d861793930db080587341c870bd6ed87a3d36e707e2e9ae3?s=96&d=mm&r=g","url":"https:\/\/secure.gravatar.com\/avatar\/ddbdb36321e5b7d4d861793930db080587341c870bd6ed87a3d36e707e2e9ae3?s=96&d=mm&r=g","height":96,"width":96}},"publisher":{"@type":"Organization","name":"napaz.cz","logo":{"@type":"ImageObject","@id":"\/logo.png","url":"\/logo.png","width":600,"height":60}},"image":{"@type":"ImageObject","@id":"https:\/\/www.napaz.cz\/wp-content\/uploads\/energie_el._UCuNct.jpg","url":"https:\/\/www.napaz.cz\/wp-content\/uploads\/energie_el._UCuNct.jpg","height":0,"width":0},"keywords":null},{"@type":"Article","@id":"https:\/\/www.napaz.cz\/revize-elektro-se-zameruje-i-na-prodluzovacky\/","headline":"Revize elektro se zam\u011b\u0159uje i na prodlu\u017eova\u010dky","url":"https:\/\/www.napaz.cz\/revize-elektro-se-zameruje-i-na-prodluzovacky\/","datePublished":"2025-06-04","dateModified":"2025-06-04","mainEntityOfPage":"https:\/\/www.napaz.cz\/revize-elektro-se-zameruje-i-na-prodluzovacky\/","author":{"@type":"Person","@id":"https:\/\/www.napaz.cz\/author\/devene\/#Person","name":"devene","url":"https:\/\/www.napaz.cz\/author\/devene\/","identifier":1,"image":{"@type":"ImageObject","@id":"https:\/\/secure.gravatar.com\/avatar\/ddbdb36321e5b7d4d861793930db080587341c870bd6ed87a3d36e707e2e9ae3?s=96&d=mm&r=g","url":"https:\/\/secure.gravatar.com\/avatar\/ddbdb36321e5b7d4d861793930db080587341c870bd6ed87a3d36e707e2e9ae3?s=96&d=mm&r=g","height":96,"width":96}},"publisher":{"@type":"Organization","name":"napaz.cz","logo":{"@type":"ImageObject","@id":"\/logo.png","url":"\/logo.png","width":600,"height":60}},"image":{"@type":"ImageObject","@id":"https:\/\/www.napaz.cz\/wp-content\/uploads\/plug-4805989_640_4.jpg","url":"https:\/\/www.napaz.cz\/wp-content\/uploads\/plug-4805989_640_4.jpg","height":0,"width":0},"keywords":null},{"@type":"Article","@id":"https:\/\/www.napaz.cz\/vyhoda-solarnich-panelu\/","headline":"V\u00fdhoda sol\u00e1rn\u00edch panel\u016f","url":"https:\/\/www.napaz.cz\/vyhoda-solarnich-panelu\/","datePublished":"2024-08-06","dateModified":"2024-08-06","mainEntityOfPage":"https:\/\/www.napaz.cz\/vyhoda-solarnich-panelu\/","author":{"@type":"Person","@id":"https:\/\/www.napaz.cz\/author\/devene\/#Person","name":"devene","url":"https:\/\/www.napaz.cz\/author\/devene\/","identifier":1,"image":{"@type":"ImageObject","@id":"https:\/\/secure.gravatar.com\/avatar\/ddbdb36321e5b7d4d861793930db080587341c870bd6ed87a3d36e707e2e9ae3?s=96&d=mm&r=g","url":"https:\/\/secure.gravatar.com\/avatar\/ddbdb36321e5b7d4d861793930db080587341c870bd6ed87a3d36e707e2e9ae3?s=96&d=mm&r=g","height":96,"width":96}},"publisher":{"@type":"Organization","name":"napaz.cz","logo":{"@type":"ImageObject","@id":"\/logo.png","url":"\/logo.png","width":600,"height":60}},"image":{"@type":"ImageObject","@id":"https:\/\/www.napaz.cz\/wp-content\/uploads\/solar-panels-1477987_1280_3.jpg","url":"https:\/\/www.napaz.cz\/wp-content\/uploads\/solar-panels-1477987_1280_3.jpg","height":0,"width":0},"keywords":null},{"@type":"Article","@id":"https:\/\/www.napaz.cz\/svatbu-na-romantickem-miste-podpori-i-party-stan\/","headline":"Svatbu na romantick\u00e9m m\u00edst\u011b podpo\u0159\u00ed i p\u00e1rty stan","url":"https:\/\/www.napaz.cz\/svatbu-na-romantickem-miste-podpori-i-party-stan\/","datePublished":"2023-09-20","dateModified":"2023-12-08","mainEntityOfPage":"https:\/\/www.napaz.cz\/svatbu-na-romantickem-miste-podpori-i-party-stan\/","author":{"@type":"Person","@id":"https:\/\/www.napaz.cz\/author\/devene\/#Person","name":"devene","url":"https:\/\/www.napaz.cz\/author\/devene\/","identifier":1,"image":{"@type":"ImageObject","@id":"https:\/\/secure.gravatar.com\/avatar\/ddbdb36321e5b7d4d861793930db080587341c870bd6ed87a3d36e707e2e9ae3?s=96&d=mm&r=g","url":"https:\/\/secure.gravatar.com\/avatar\/ddbdb36321e5b7d4d861793930db080587341c870bd6ed87a3d36e707e2e9ae3?s=96&d=mm&r=g","height":96,"width":96}},"publisher":{"@type":"Organization","name":"napaz.cz","logo":{"@type":"ImageObject","@id":"\/logo.png","url":"\/logo.png","width":600,"height":60}},"image":{"@type":"ImageObject","@id":"https:\/\/www.napaz.cz\/wp-content\/uploads\/sunset-698501_640_3.jpg","url":"https:\/\/www.napaz.cz\/wp-content\/uploads\/sunset-698501_640_3.jpg","height":0,"width":0},"keywords":null},{"@type":"Article","@id":"https:\/\/www.napaz.cz\/poradi-webu\/","headline":"Po\u0159ad\u00ed web\u016f","url":"https:\/\/www.napaz.cz\/poradi-webu\/","datePublished":"2022-10-27","dateModified":"2022-10-27","mainEntityOfPage":"https:\/\/www.napaz.cz\/poradi-webu\/","author":{"@type":"Person","@id":"https:\/\/www.napaz.cz\/author\/devene\/#Person","name":"devene","url":"https:\/\/www.napaz.cz\/author\/devene\/","identifier":1,"image":{"@type":"ImageObject","@id":"https:\/\/secure.gravatar.com\/avatar\/ddbdb36321e5b7d4d861793930db080587341c870bd6ed87a3d36e707e2e9ae3?s=96&d=mm&r=g","url":"https:\/\/secure.gravatar.com\/avatar\/ddbdb36321e5b7d4d861793930db080587341c870bd6ed87a3d36e707e2e9ae3?s=96&d=mm&r=g","height":96,"width":96}},"publisher":{"@type":"Organization","name":"napaz.cz","logo":{"@type":"ImageObject","@id":"\/logo.png","url":"\/logo.png","width":600,"height":60}},"image":{"@type":"ImageObject","@id":"https:\/\/www.napaz.cz\/wp-content\/uploads\/online_marketing_internet_marketing%20(1).jpg","url":"https:\/\/www.napaz.cz\/wp-content\/uploads\/online_marketing_internet_marketing%20(1).jpg","height":0,"width":0},"keywords":null},{"@type":"Article","@id":"https:\/\/www.napaz.cz\/podporte-sve-podnikani-zlatym-cislem\/","headline":"Podpo\u0159te sv\u00e9 podnik\u00e1n\u00ed zlat\u00fdm \u010d\u00edslem","url":"https:\/\/www.napaz.cz\/podporte-sve-podnikani-zlatym-cislem\/","datePublished":"2022-07-11","dateModified":"2023-04-29","mainEntityOfPage":"https:\/\/www.napaz.cz\/podporte-sve-podnikani-zlatym-cislem\/","author":{"@type":"Person","@id":"https:\/\/www.napaz.cz\/author\/devene\/#Person","name":"devene","url":"https:\/\/www.napaz.cz\/author\/devene\/","identifier":1,"image":{"@type":"ImageObject","@id":"https:\/\/secure.gravatar.com\/avatar\/ddbdb36321e5b7d4d861793930db080587341c870bd6ed87a3d36e707e2e9ae3?s=96&d=mm&r=g","url":"https:\/\/secure.gravatar.com\/avatar\/ddbdb36321e5b7d4d861793930db080587341c870bd6ed87a3d36e707e2e9ae3?s=96&d=mm&r=g","height":96,"width":96}},"publisher":{"@type":"Organization","name":"napaz.cz","logo":{"@type":"ImageObject","@id":"\/logo.png","url":"\/logo.png","width":600,"height":60}},"image":{"@type":"ImageObject","@id":"https:\/\/www.napaz.cz\/wp-content\/uploads\/pexels-andrea-piacquadio-920382%20(1).jpg","url":"https:\/\/www.napaz.cz\/wp-content\/uploads\/pexels-andrea-piacquadio-920382%20(1).jpg","height":0,"width":0},"keywords":null}]}