[{"@context":"https:\/\/schema.org\/","@type":"Article","@id":"https:\/\/www.napaz.cz\/vynikajici-umelecka-dila\/#Article","mainEntityOfPage":"https:\/\/www.napaz.cz\/vynikajici-umelecka-dila\/","headline":"Vynikaj\u00edc\u00ed um\u011bleck\u00e1 d\u00edla","name":"Vynikaj\u00edc\u00ed um\u011bleck\u00e1 d\u00edla","description":"R\u00e1di bychom nab\u00eddli ka\u017ed\u00e9mu, kdo m\u00e1 r\u00e1d kvalitn\u00ed um\u011bn\u00ed, mo\u017enost po\u0159\u00eddit si jeden \u010di rovnou n\u011bkolik na\u0161ich obraz\u016f na st\u011bnu. [&hellip;]","datePublished":"2024-11-28","dateModified":"2024-11-28","author":{"@type":"Person","@id":"https:\/\/www.napaz.cz\/author\/devene\/#Person","name":"devene","url":"https:\/\/www.napaz.cz\/author\/devene\/","identifier":1,"image":{"@type":"ImageObject","@id":"https:\/\/secure.gravatar.com\/avatar\/ddbdb36321e5b7d4d861793930db080587341c870bd6ed87a3d36e707e2e9ae3?s=96&d=mm&r=g","url":"https:\/\/secure.gravatar.com\/avatar\/ddbdb36321e5b7d4d861793930db080587341c870bd6ed87a3d36e707e2e9ae3?s=96&d=mm&r=g","height":96,"width":96}},"publisher":{"@type":"Organization","name":"napaz.cz","logo":{"@type":"ImageObject","@id":"\/logo.png","url":"\/logo.png","width":600,"height":60}},"url":"https:\/\/www.napaz.cz\/vynikajici-umelecka-dila\/","wordCount":171,"articleBody":"R\u00e1di bychom nab\u00eddli ka\u017ed\u00e9mu, kdo m\u00e1 r\u00e1d kvalitn\u00ed um\u011bn\u00ed, mo\u017enost po\u0159\u00eddit si jeden \u010di rovnou n\u011bkolik na\u0161ich obraz\u016f na st\u011bnu. Jedn\u00e1 se o kousky barevn\u00e9, ale i \u010dernob\u00edl\u00e9. V tomto modern\u00edm um\u011bn\u00ed hraje po\u0159\u00e1d prim klasick\u00e1 malba. Ta je ov\u0161em zkombinovan\u00e1 s fotografi\u00ed. Tento styl je pom\u011brn\u011b nov\u00fdm a tato d\u00edla se hod\u00ed sp\u00ed\u0161e do modern\u011b za\u0159\u00edzen\u00fdch obydl\u00ed \u010di kancel\u00e1\u0159\u00ed, ne\u017e-li na klasickou chalupu. Ne\u0161et\u0159\u00edme na pl\u00e1tnech Mnoho um\u011bleck\u00fdch d\u011bl je dnes k nepozn\u00e1n\u00ed hlavn\u011b proto, \u017ee se p\u0159i jejich tvorb\u011b pou\u017e\u00edvali nekvalitn\u00ed materi\u00e1ly. Jedn\u00e1 se hlavn\u011b o barvy, ale rovn\u011b\u017e o pl\u00e1tna. My pro na\u0161e extern\u00ed um\u011blce nakupujeme pouze to nejlep\u0161\u00ed. Je sice pravda, \u017ee se pak o n\u011bco zvedne i cena, ale alespo\u0148 budete m\u00edt jistotu, \u017ee se Va\u0161i investic\u00ed budou moci kochat i Va\u0161e vnou\u010data.                                                                                                                                                                                                                                                                                                                                                                                        2.5\/5 - (2 votes)        "},{"@context":"https:\/\/schema.org\/","@type":"BreadcrumbList","itemListElement":[{"@type":"ListItem","position":1,"name":"Vynikaj\u00edc\u00ed um\u011bleck\u00e1 d\u00edla","item":"https:\/\/www.napaz.cz\/vynikajici-umelecka-dila\/#breadcrumbitem"}]}]